{"id":700,"date":"2021-03-26T08:08:25","date_gmt":"2021-03-26T08:08:25","guid":{"rendered":"https:\/\/itvstudiosfinland.com\/?p=700"},"modified":"2021-03-26T08:08:26","modified_gmt":"2021-03-26T08:08:26","slug":"ajankohtaisempi-kuin-koskaan-palkittu-elossa-24h-palaa-ruutuun-28-maaliskuuta","status":"publish","type":"post","link":"https:\/\/itvstudiosfinland.com\/fi\/2021\/03\/ajankohtaisempi-kuin-koskaan-palkittu-elossa-24h-palaa-ruutuun-28-maaliskuuta\/","title":{"rendered":"Ajankohtaisempi kuin koskaan: Palkittu Elossa 24h palaa ruutuun 28. maaliskuuta"},"content":{"rendered":"<figure class=\"wp-block-image size-large is-style-default\"><img loading=\"lazy\" decoding=\"async\" width=\"1024\" height=\"576\" src=\"https:\/\/itvstudiosfinland.com\/wp-content\/uploads\/2021\/03\/ELOSSA5_KEY_1280x720-1024x576.jpg\" alt=\"\" class=\"wp-image-701\" srcset=\"https:\/\/itvstudiosfinland.com\/wp-content\/uploads\/2021\/03\/ELOSSA5_KEY_1280x720-1024x576.jpg 1024w, https:\/\/itvstudiosfinland.com\/wp-content\/uploads\/2021\/03\/ELOSSA5_KEY_1280x720-300x169.jpg 300w, https:\/\/itvstudiosfinland.com\/wp-content\/uploads\/2021\/03\/ELOSSA5_KEY_1280x720-768x432.jpg 768w, https:\/\/itvstudiosfinland.com\/wp-content\/uploads\/2021\/03\/ELOSSA5_KEY_1280x720-16x9.jpg 16w, https:\/\/itvstudiosfinland.com\/wp-content\/uploads\/2021\/03\/ELOSSA5_KEY_1280x720.jpg 1280w\" sizes=\"auto, (max-width: 1024px) 100vw, 1024px\" \/><\/figure>\n\n\n\n<div style=\"height:17px\" aria-hidden=\"true\" class=\"wp-block-spacer\"><\/div>\n\n\n\n<h3 class=\"wp-block-heading\"><strong>Elossa 24h -sarja kertoo tavallisten suomalaisten koskettavia tarinoita terveydenhuollon parissa\u00a0 kellon ymp\u00e4ri. Yle TV1:ss\u00e4 kahdeksan uutta jaksoa n\u00e4hd\u00e4\u00e4n 28.3.\u20134.4.2021. Yle Areenassa kaikki uudet jaksot ovat katsottavissa 28.3. alkaen.<\/strong><\/h3>\n\n\n\n<div style=\"height:10px\" aria-hidden=\"true\" class=\"wp-block-spacer\"><\/div>\n\n\n\n<p>Dokumentaarinen ohjelmasarja <em>Elossa 24h<\/em> on t\u00e4ll\u00e4 kaudella kuvattu poikkeusoloissa COVID-19-pandemiasta johtuen. Ohjelma n\u00e4ytt\u00e4\u00e4, miten \u2013 poikkeusoloissakin \u2013 meit\u00e4 suomalaisia hoidetaan ja pidet\u00e4\u00e4n elossa vuorokauden jokaisena tuntina. Sarja on toteutettu turvallisuus huomioiden ainutlaatuisessa yhteisty\u00f6ss\u00e4 sairaaloiden kanssa.&nbsp;<\/p>\n\n\n\n<div style=\"height:10px\" aria-hidden=\"true\" class=\"wp-block-spacer\"><\/div>\n\n\n\n<p>Sarjan viides tuotantokausi kuvattiin poikkeuksellisen laajasti eri puolella Suomea. Nelisenkymment\u00e4 kameraryhm\u00e4\u00e4 taltioi marraskuussa 2020 sarjaa 20 suomalaisessa kaupungissa ja 25 eri hoitoyksik\u00f6ss\u00e4. Mukana ovat Suomen yliopistosairaaloista <strong>Helsingin ja Uudenmaan HUS<\/strong>, <strong>Tampereen TAYS<\/strong>, <strong>Turun TYKS<\/strong> ja <strong>Oulun OYS<\/strong>, <strong>ensihoidon FinnHEMS-yksikk\u00f6 Turussa<\/strong> sek\u00e4 erilaiset yksik\u00f6t mm. <strong>Lappeenrannassa<\/strong>, <strong>Lahdessa<\/strong>, <strong>Kotkassa<\/strong>, <strong>Kokkolassa<\/strong>, <strong>H\u00e4meenlinnassa<\/strong>, <strong>Kilpisj\u00e4rvell\u00e4<\/strong>, <strong>Savonlinnassa<\/strong>, <strong>Rovaniemell\u00e4<\/strong> ja <strong>Jyv\u00e4skyl\u00e4ss\u00e4<\/strong>.<\/p>\n\n\n\n<div style=\"height:20px\" aria-hidden=\"true\" class=\"wp-block-spacer\"><\/div>\n\n\n\n<h3 class=\"wp-block-heading\"><strong>Kauden starttaa 28.3. erikoisjakso ensihoidosta<\/strong><\/h3>\n\n\n\n<div style=\"height:10px\" aria-hidden=\"true\" class=\"wp-block-spacer\"><\/div>\n\n\n\n<p>Viides tuotantokausi k\u00e4ynnistyy erikoisjaksolla <em>Ratkaiseva tunti. <\/em>Siin\u00e4 seurataan ensihoidon ammattilaisia, jotka kutsutaan teht\u00e4v\u00e4\u00e4n silloin, kun tavallinen apu ei riit\u00e4. P\u00e4\u00e4rooleissa ovat Rajavartiolaitoksen ensihoitaja<strong> Mikko Terho<\/strong> ja Puolustusvoimien ensihoidon ylil\u00e4\u00e4k\u00e4ri<strong> Juha Kuosmanen<\/strong>.&nbsp;<\/p>\n\n\n\n<div style=\"height:10px\" aria-hidden=\"true\" class=\"wp-block-spacer\"><\/div>\n\n\n\n<p>Loput seitsem\u00e4n jaksoa kertovat tositarinoita ihmisist\u00e4 terveydenhuollon parissa. Mukana on hoitajia, l\u00e4\u00e4k\u00e4reit\u00e4 ja potilaita el\u00e4m\u00e4n eri vaiheissa.&nbsp;<\/p>\n\n\n\n<div style=\"height:20px\" aria-hidden=\"true\" class=\"wp-block-spacer\"><\/div>\n\n\n\n<h3 class=\"wp-block-heading\"><strong>Potilaina lapsia ja nuoria<\/strong><\/h3>\n\n\n\n<div style=\"height:10px\" aria-hidden=\"true\" class=\"wp-block-spacer\"><\/div>\n\n\n\n<p>Kauden aikana lapsipotilaina n\u00e4hd\u00e4\u00e4n kaksi hellyytt\u00e4v\u00e4\u00e4 nelivuotiasta. Toinen heist\u00e4, <strong>Vilja<\/strong><em>,<\/em> saapuu <strong>Kaustiselta<\/strong> Uuteen lastensairaalaan Helsinkiin, jossa h\u00e4nelle tehd\u00e4\u00e4n harvinainen ja massiivinen keskikasvo-osteotomia. Viljan kalloa laajennetaan asentamalla kalloon metallinen venytyslaite. Kahden yliopistosairaalan yhteisty\u00f6n\u00e4 teht\u00e4v\u00e4n leikkauksen kirurgeina toimivat lastenkirurgi <strong>Willy Serlo<\/strong> OYSista ja plastiikkakirurgi <strong>Junnu Leikola<\/strong> HUSista.&nbsp;<\/p>\n\n\n\n<figure class=\"wp-block-image size-large is-style-default\"><img loading=\"lazy\" decoding=\"async\" width=\"900\" height=\"600\" src=\"https:\/\/itvstudiosfinland.com\/wp-content\/uploads\/2021\/03\/ELOSSA5_jakso1_1280x720.jpg\" alt=\"\" class=\"wp-image-702\" srcset=\"https:\/\/itvstudiosfinland.com\/wp-content\/uploads\/2021\/03\/ELOSSA5_jakso1_1280x720.jpg 900w, https:\/\/itvstudiosfinland.com\/wp-content\/uploads\/2021\/03\/ELOSSA5_jakso1_1280x720-300x200.jpg 300w, https:\/\/itvstudiosfinland.com\/wp-content\/uploads\/2021\/03\/ELOSSA5_jakso1_1280x720-768x512.jpg 768w, https:\/\/itvstudiosfinland.com\/wp-content\/uploads\/2021\/03\/ELOSSA5_jakso1_1280x720-16x12.jpg 16w\" sizes=\"auto, (max-width: 900px) 100vw, 900px\" \/><\/figure>\n\n\n\n<p><strong>Nessu<\/strong>, 4, puolestaan saa Tampereen yliopistollisessa sairaalassa peukalon. Se tehd\u00e4\u00e4n h\u00e4nen etusormestaan. Uusi sormi helpottaa Nessun arkea, py\u00f6r\u00e4n ohjaamista ja s\u00e4hlymailan pit\u00e4mist\u00e4.<\/p>\n\n\n\n<div style=\"height:10px\" aria-hidden=\"true\" class=\"wp-block-spacer\"><\/div>\n\n\n\n<p>T\u00e4ll\u00e4 kaudella keskityt\u00e4\u00e4n my\u00f6s nuorten kohtaamiin sairauksiin ja traumoihin. <strong>Lappeenrantalaisella Sandralla<\/strong> diagnosoitiin MS-tauti, jota h\u00e4n ei aluksi halunnut paljastaa edes yst\u00e4villeen. Touretten syndrooma her\u00e4tt\u00e4\u00e4 paljon ennakkoluuloja, mutta<strong> turkulainen Katariina<\/strong>, 19, haluaa jakaa siit\u00e4 tietoa.&nbsp;<\/p>\n\n\n\n<div style=\"height:10px\" aria-hidden=\"true\" class=\"wp-block-spacer\"><\/div>\n\n\n\n<p>J\u00e4\u00e4kiekkoilija <strong>Taavi Vartiainen<\/strong>, 26,&nbsp; kertoo kamppailustaan kaksisuuntaisen mielialah\u00e4iri\u00f6n kanssa. <strong>H\u00e4meenlinnassa asuva Anne<\/strong>, 26, joutui l\u00e4hisuhdev\u00e4kivallan uhriksi. H\u00e4nell\u00e4 on aivovamma, joka muutti tulevaisuudenn\u00e4kym\u00e4t t\u00e4ysin.<\/p>\n\n\n\n<div style=\"height:20px\" aria-hidden=\"true\" class=\"wp-block-spacer\"><\/div>\n\n\n\n<h3 class=\"wp-block-heading\"><strong>Ainutlaatuista ammattitaitoa ja tinkim\u00e4t\u00f6nt\u00e4 asennetta<\/strong><\/h3>\n\n\n\n<div style=\"height:10px\" aria-hidden=\"true\" class=\"wp-block-spacer\"><\/div>\n\n\n\n<p>Terveydenhoidon ammattilaisilla on j\u00e4lleen t\u00e4rke\u00e4 rooli sarjassa. Sarjaa kuvattiin muun muassa Kanta-H\u00e4meen keskussairaalan koronayksik\u00f6ss\u00e4, <strong>Kilpisj\u00e4rvell\u00e4<\/strong>, jossa seurataan terveydenhoitaja <strong>Paula Keski-Kujalan<\/strong> ty\u00f6p\u00e4iv\u00e4\u00e4, ja <strong>Oulussa,<\/strong> jossa ensihoitoyksik\u00f6n ensihoitaja <strong>Leevi<\/strong>, 21, saa h\u00e4lytyksen ketjukolarin ja ty\u00f6maalla sairauskohtauksen saaneen miehen hoitoteht\u00e4viin.&nbsp;<\/p>\n\n\n\n<div style=\"height:10px\" aria-hidden=\"true\" class=\"wp-block-spacer\"><\/div>\n\n\n\n<p>Uusissa jaksoissa p\u00e4\u00e4st\u00e4\u00e4n seuraamaan my\u00f6s vaativia leikkauksia. Tyksiss\u00e4 Turussa<strong> orip\u00e4\u00e4l\u00e4ist\u00e4 Kirsi\u00e4<\/strong>, 47, ja h\u00e4nen perhett\u00e4\u00e4n j\u00e4nnitt\u00e4\u00e4 Kirsin n\u00e4k\u00f6hermoja painavan aivokasvaimen edess\u00e4 oleva leikkaus. <strong>Maurilla<\/strong>, 59, on harvinainen nielemish\u00e4iri\u00f6. H\u00e4nt\u00e4 hoidetaan pikkutarkalla POEM-leikkauksella joka sis\u00e4lt\u00e4\u00e4 riskej\u00e4.&nbsp;<\/p>\n\n\n\n<div style=\"height:10px\" aria-hidden=\"true\" class=\"wp-block-spacer\"><\/div>\n\n\n\n<p>Elossa 24h -sarjan aiemmat nelj\u00e4, vuosina 2017\u20132020 esitetyt kaudet, ovat olleet palkittuja katsojamenestyksi\u00e4. Ohjelma on saanut jo kolme Kultaista Venlaa: vuosina 2017 ja 2019 se palkittiin parhaana seurantarealityohjelmana ja vuonna 2018 parhaana uutis-, ajankohtais- ja asiaohjelmana. My\u00f6s sarjan nelj\u00e4s tuotantokausi on ehdolla vuoden 2020 parhaan seurantarealityn Kultaisen Venlan saajaksi.<\/p>\n\n\n\n<div style=\"height:10px\" aria-hidden=\"true\" class=\"wp-block-spacer\"><\/div>\n\n\n\n<h3 class=\"wp-block-heading\"><strong>Elossa 24h &#8211; 5. Kausi Yle Areenassa 28.3.2021 ja Yle TV1:ss\u00e4 28.3.\u20134.4. klo 20.00<\/strong><\/h3>","protected":false},"excerpt":{"rendered":"<p>Elossa 24h -sarja kertoo tavallisten suomalaisten koskettavia tarinoita terveydenhuollon parissa\u00a0 kellon ymp\u00e4ri. Yle TV1:ss\u00e4 kahdeksan uutta jaksoa n\u00e4hd\u00e4\u00e4n 28.3.\u20134.4.2021. Yle Areenassa kaikki uudet jaksot ovat katsottavissa 28.3. alkaen. Dokumentaarinen ohjelmasarja Elossa 24h on t\u00e4ll\u00e4 kaudella kuvattu poikkeusoloissa COVID-19-pandemiasta johtuen. Ohjelma n\u00e4ytt\u00e4\u00e4, miten \u2013 poikkeusoloissakin \u2013 meit\u00e4 suomalaisia hoidetaan ja pidet\u00e4\u00e4n elossa vuorokauden jokaisena tuntina. Sarja [&hellip;]<\/p>","protected":false},"author":2,"featured_media":0,"comment_status":"closed","ping_status":"open","sticky":false,"template":"","format":"standard","meta":{"footnotes":""},"categories":[5],"tags":[],"class_list":["post-700","post","type-post","status-publish","format-standard","hentry","category-non-scripted"],"_links":{"self":[{"href":"https:\/\/itvstudiosfinland.com\/fi\/wp-json\/wp\/v2\/posts\/700","targetHints":{"allow":["GET"]}}],"collection":[{"href":"https:\/\/itvstudiosfinland.com\/fi\/wp-json\/wp\/v2\/posts"}],"about":[{"href":"https:\/\/itvstudiosfinland.com\/fi\/wp-json\/wp\/v2\/types\/post"}],"author":[{"embeddable":true,"href":"https:\/\/itvstudiosfinland.com\/fi\/wp-json\/wp\/v2\/users\/2"}],"replies":[{"embeddable":true,"href":"https:\/\/itvstudiosfinland.com\/fi\/wp-json\/wp\/v2\/comments?post=700"}],"version-history":[{"count":12,"href":"https:\/\/itvstudiosfinland.com\/fi\/wp-json\/wp\/v2\/posts\/700\/revisions"}],"predecessor-version":[{"id":714,"href":"https:\/\/itvstudiosfinland.com\/fi\/wp-json\/wp\/v2\/posts\/700\/revisions\/714"}],"wp:attachment":[{"href":"https:\/\/itvstudiosfinland.com\/fi\/wp-json\/wp\/v2\/media?parent=700"}],"wp:term":[{"taxonomy":"category","embeddable":true,"href":"https:\/\/itvstudiosfinland.com\/fi\/wp-json\/wp\/v2\/categories?post=700"},{"taxonomy":"post_tag","embeddable":true,"href":"https:\/\/itvstudiosfinland.com\/fi\/wp-json\/wp\/v2\/tags?post=700"}],"curies":[{"name":"wp","href":"https:\/\/api.w.org\/{rel}","templated":true}]}}